{"id":314,"date":"2021-07-06T19:13:50","date_gmt":"2021-07-06T22:13:50","guid":{"rendered":"https:\/\/designpordentro.com.br\/ava\/?p=314"},"modified":"2021-11-20T03:47:27","modified_gmt":"2021-11-20T06:47:27","slug":"nao-exagere-no-padrao-erros-comuns-na-hora-de-decorar","status":"publish","type":"post","link":"https:\/\/designpordentro.com.br\/ava\/2021\/07\/06\/nao-exagere-no-padrao-erros-comuns-na-hora-de-decorar\/","title":{"rendered":"N\u00e3o exagere na estampa- Erros comuns na hora de decorar."},"content":{"rendered":"<p>Sabe aquela estampa que ganha o cora\u00e7\u00e3o? Us\u00e1-la sempre e em qualquer objeto sem se quer perceber os excessos \u00e9 sinal claro de confus\u00e3o, al\u00e9m de se tornar &#8220;brega&#8221;!<\/p>\n\n\n<div class=\"wp-block-image\"><figure class=\"aligncenter size-large\"><img loading=\"lazy\" decoding=\"async\" width=\"353\" height=\"328\" src=\"https:\/\/designpordentro.com.br\/ava\/wp-content\/uploads\/2021\/07\/cam5.jpg\" alt=\"Erros comuns na hora de decorar\" class=\"wp-image-316\" srcset=\"https:\/\/designpordentro.com.br\/ava\/wp-content\/uploads\/2021\/07\/cam5.jpg 353w, https:\/\/designpordentro.com.br\/ava\/wp-content\/uploads\/2021\/07\/cam5-300x279.jpg 300w\" sizes=\"(max-width: 353px) 100vw, 353px\" \/><\/figure><\/div>\n\n\n<p>Ficar repetindo palavras iguais cansa, mas quando usamos sin\u00f4nimos parece que sempre conseguimos agregar algo de novo para a escrita. Com a decora\u00e7\u00e3o \u00e9 a mesma coisa. Apostar em varia\u00e7\u00f5es e alternativas similares a que voc\u00ea usa \u00e9 um grande come\u00e7o.<\/p>\n<p>Se voc\u00ea quer aprender como combinar estampas, mas n\u00e3o tem ideia por onde come\u00e7ar, este guia estrat\u00e9gico passo a passo vai lhe dar as ferramentas de que voc\u00ea precisa para finalmente ganhar a confian\u00e7a para criar um espa\u00e7o que voc\u00ea AMA.<\/p>\n\n\n<div class=\"wp-block-image\"><figure class=\"aligncenter size-large is-resized\"><img loading=\"lazy\" decoding=\"async\" src=\"https:\/\/designpordentro.com.br\/ava\/wp-content\/uploads\/2021\/07\/capa.site2-min-1-1024x410.png\" alt=\"\" class=\"wp-image-315\" width=\"814\" height=\"326\" srcset=\"https:\/\/designpordentro.com.br\/ava\/wp-content\/uploads\/2021\/07\/capa.site2-min-1-1024x410.png 1024w, https:\/\/designpordentro.com.br\/ava\/wp-content\/uploads\/2021\/07\/capa.site2-min-1-300x120.png 300w, https:\/\/designpordentro.com.br\/ava\/wp-content\/uploads\/2021\/07\/capa.site2-min-1-768x307.png 768w, https:\/\/designpordentro.com.br\/ava\/wp-content\/uploads\/2021\/07\/capa.site2-min-1-416x166.png 416w, https:\/\/designpordentro.com.br\/ava\/wp-content\/uploads\/2021\/07\/capa.site2-min-1.png 1140w\" sizes=\"(max-width: 814px) 100vw, 814px\" \/><\/figure><\/div>\n\n\n<p><span style=\"color: #ccffff;\"><em><span style=\"color: #ccffff;\">Erros comuns na hora de decorar<\/span><\/em><\/span><\/p>\n\n\n<div class=\"wp-block-buttons is-layout-flex wp-block-buttons-is-layout-flex\">\n<div class=\"wp-block-button\"><a class=\"wp-block-button__link\" href=\"https:\/\/designpordentro.com.br\/loja\/produto\/como-misturar-e-combinar-estampas\/\" target=\"_blank\" rel=\"noreferrer noopener\">Claro que sim! D\u00ea-me todas as suas estrat\u00e9gias para combinar estampas<\/a><\/div>\n<\/div>\n","protected":false},"excerpt":{"rendered":"<p>Erros comuns na hora de decorar. Sabe aquela estampa que ganha o cora\u00e7\u00e3o? Us\u00e1-la sempre e em qualquer objeto sem se quer perceber os excessos \u00e9 sinal claro de confus\u00e3o, al\u00e9m de se tornar &#8220;brega&#8221;!<\/p>\n","protected":false},"author":1,"featured_media":0,"comment_status":"open","ping_status":"open","sticky":false,"template":"","format":"standard","meta":{"_bbp_topic_count":0,"_bbp_reply_count":0,"_bbp_total_topic_count":0,"_bbp_total_reply_count":0,"_bbp_voice_count":0,"_bbp_anonymous_reply_count":0,"_bbp_topic_count_hidden":0,"_bbp_reply_count_hidden":0,"_bbp_forum_subforum_count":0,"footnotes":""},"categories":[28,55,20,24],"tags":[29,56,30],"featured_image_urls":{"full":"","thumbnail":"","medium":"","medium_large":"","large":"","1536x1536":"","2048x2048":"","mailpoet_newsletter_max":""},"post_excerpt_stackable":"<p>Erros comuns na hora de decorar. Sabe aquela estampa que ganha o cora\u00e7\u00e3o? Us\u00e1-la sempre e em qualquer objeto sem se quer perceber os excessos \u00e9 sinal claro de confus\u00e3o, al\u00e9m de se tornar &#8220;brega&#8221;!<\/p>\n","category_list":"<a href=\"https:\/\/designpordentro.com.br\/ava\/category\/decoracao\/decoracao-sem-categoria\/\" rel=\"category tag\">Decora\u00e7\u00e3o<\/a>, <a href=\"https:\/\/designpordentro.com.br\/ava\/category\/estampas-e-padronagens\/\" rel=\"category tag\">Estampas e padronagens<\/a>, <a href=\"https:\/\/designpordentro.com.br\/ava\/category\/decoracao\/\" rel=\"category tag\">Postagens<\/a>, <a href=\"https:\/\/designpordentro.com.br\/ava\/category\/decoracao\/repertorio-decorativo\/\" rel=\"category tag\">Repert\u00f3rio Decorativo<\/a>","author_info":{"name":"Dayane Comellini","url":"https:\/\/designpordentro.com.br\/ava\/author\/admin_designpordentro\/"},"comments_num":"2 coment\u00e1rios","featured_image_urls_v2":{"full":"","thumbnail":"","medium":"","medium_large":"","large":"","1536x1536":"","2048x2048":"","mailpoet_newsletter_max":""},"post_excerpt_stackable_v2":"<p>Erros comuns na hora de decorar. Sabe aquela estampa que ganha o cora\u00e7\u00e3o? Us\u00e1-la sempre e em qualquer objeto sem se quer perceber os excessos \u00e9 sinal claro de confus\u00e3o, al\u00e9m de se tornar &#8220;brega&#8221;!<\/p>\n","category_list_v2":"<a href=\"https:\/\/designpordentro.com.br\/ava\/category\/decoracao\/decoracao-sem-categoria\/\" rel=\"category tag\">Decora\u00e7\u00e3o<\/a>, <a href=\"https:\/\/designpordentro.com.br\/ava\/category\/estampas-e-padronagens\/\" rel=\"category tag\">Estampas e padronagens<\/a>, <a href=\"https:\/\/designpordentro.com.br\/ava\/category\/decoracao\/\" rel=\"category tag\">Postagens<\/a>, <a href=\"https:\/\/designpordentro.com.br\/ava\/category\/decoracao\/repertorio-decorativo\/\" rel=\"category tag\">Repert\u00f3rio Decorativo<\/a>","author_info_v2":{"name":"Dayane Comellini","url":"https:\/\/designpordentro.com.br\/ava\/author\/admin_designpordentro\/"},"comments_num_v2":"2 coment\u00e1rios","_links":{"self":[{"href":"https:\/\/designpordentro.com.br\/ava\/wp-json\/wp\/v2\/posts\/314"}],"collection":[{"href":"https:\/\/designpordentro.com.br\/ava\/wp-json\/wp\/v2\/posts"}],"about":[{"href":"https:\/\/designpordentro.com.br\/ava\/wp-json\/wp\/v2\/types\/post"}],"author":[{"embeddable":true,"href":"https:\/\/designpordentro.com.br\/ava\/wp-json\/wp\/v2\/users\/1"}],"replies":[{"embeddable":true,"href":"https:\/\/designpordentro.com.br\/ava\/wp-json\/wp\/v2\/comments?post=314"}],"version-history":[{"count":6,"href":"https:\/\/designpordentro.com.br\/ava\/wp-json\/wp\/v2\/posts\/314\/revisions"}],"predecessor-version":[{"id":947,"href":"https:\/\/designpordentro.com.br\/ava\/wp-json\/wp\/v2\/posts\/314\/revisions\/947"}],"wp:attachment":[{"href":"https:\/\/designpordentro.com.br\/ava\/wp-json\/wp\/v2\/media?parent=314"}],"wp:term":[{"taxonomy":"category","embeddable":true,"href":"https:\/\/designpordentro.com.br\/ava\/wp-json\/wp\/v2\/categories?post=314"},{"taxonomy":"post_tag","embeddable":true,"href":"https:\/\/designpordentro.com.br\/ava\/wp-json\/wp\/v2\/tags?post=314"}],"curies":[{"name":"wp","href":"https:\/\/api.w.org\/{rel}","templated":true}]}}