{"id":54,"date":"2021-06-17T00:55:31","date_gmt":"2021-06-17T03:55:31","guid":{"rendered":"https:\/\/designpordentro.com.br\/loja\/?p=54"},"modified":"2021-11-26T03:22:42","modified_gmt":"2021-11-26T06:22:42","slug":"ajeitar-a-sua-sala-cansada","status":"publish","type":"post","link":"https:\/\/designpordentro.com.br\/loja\/2021\/06\/17\/ajeitar-a-sua-sala-cansada\/","title":{"rendered":"Eu estava conversando com uma amiga e isso me fez pensar &#8230;"},"content":{"rendered":"<p>Eu estava conversando com uma amiga que est\u00e1 &#8220;pensando&#8221; em ajeitar a sua sala cansada h\u00e1 muito tempo, mas continua adiando.<\/p>\n<p>Ent\u00e3o, a sala \u00e9 um espa\u00e7o que precisamos receber bem, tanto os moradores da casa como os visitantes. Dessa forma, para elaborar uma boa decora\u00e7\u00e3o de interiores para este espa\u00e7o, \u00e9 preciso harmonizar fluxos, zoneamento, \u00e1rea livre para circula\u00e7\u00e3o, m\u00f3veis bem dimensionados e distribu\u00eddos.<\/p>\n<p>De qualquer forma, essa conversa terminou com ela dizendo: &#8220;Ok, estou pronta para reformar n\u00e3o s\u00f3 minha sala, mas tamb\u00e9m meu quarto e cozinha!&#8221;<\/p>\n<p>Se voc\u00ea est\u00e1 em uma situa\u00e7\u00e3o semelhante, mas precisa ou quer orienta\u00e7\u00f5es e truques interessantes, eu tenho o que voc\u00ea precisa.<\/p>\n\n\n<div class=\"wp-block-image\"><figure class=\"aligncenter size-large is-resized\"><img loading=\"lazy\" decoding=\"async\" src=\"https:\/\/designpordentro.com.br\/ava\/wp-content\/uploads\/2021\/06\/Picture4-min.jpg\" alt=\"ajeitar a sua sala cansada\" class=\"wp-image-55\" width=\"351\" height=\"302\" srcset=\"https:\/\/designpordentro.com.br\/loja\/wp-content\/uploads\/2021\/06\/Picture4-min.jpg 560w, https:\/\/designpordentro.com.br\/loja\/wp-content\/uploads\/2021\/06\/Picture4-min-416x358.jpg 416w, https:\/\/designpordentro.com.br\/loja\/wp-content\/uploads\/2021\/06\/Picture4-min-300x258.jpg 300w\" sizes=\"auto, (max-width: 351px) 100vw, 351px\" \/><\/figure><\/div>\n\n\n\n<div class=\"wp-block-buttons is-layout-flex wp-block-buttons-is-layout-flex\">\n<div class=\"wp-block-button\"><a class=\"wp-block-button__link\" href=\"https:\/\/ibdi-edu.com.br\/guia-completo-de-decoracao\/\" target=\"_blank\" rel=\"noreferrer noopener\">Guia de Decora\u00e7\u00e3o Completo!<\/a><\/div>\n<\/div>\n\n\n\n<h2 class=\"wp-block-heading\"><strong>B\u00f4nus:<\/strong><\/h2>\n\n\n\n<div class=\"wp-block-image\"><figure class=\"aligncenter size-large is-resized\"><img loading=\"lazy\" decoding=\"async\" sizes=\"auto, (max-width: 1024px) 100vw, 1024px\" src=\"https:\/\/designpordentro.com.br\/ava\/wp-content\/uploads\/2021\/06\/combo-min-1024x246.png\" alt=\"combo decora\u00e7\u00e3o\" class=\"wp-image-135\" width=\"685\" height=\"164\" srcset=\"https:\/\/designpordentro.com.br\/loja\/wp-content\/uploads\/2021\/06\/combo-min-1024x246.png 1024w, https:\/\/designpordentro.com.br\/loja\/wp-content\/uploads\/2021\/06\/combo-min-416x100.png 416w, https:\/\/designpordentro.com.br\/loja\/wp-content\/uploads\/2021\/06\/combo-min-300x72.png 300w, https:\/\/designpordentro.com.br\/loja\/wp-content\/uploads\/2021\/06\/combo-min-768x184.png 768w, https:\/\/designpordentro.com.br\/loja\/wp-content\/uploads\/2021\/06\/combo-min.png 1079w\" \/><\/figure><\/div>\n\n\n<style>.wp-block-kadence-iconlist.kt-svg-icon-list-items_e6322d-35:not(.this-stops-third-party-issues){margin-top:0px;margin-bottom:0px;}.wp-block-kadence-iconlist.kt-svg-icon-list-items_e6322d-35 ul.kt-svg-icon-list:not(.this-prevents-issues):not(.this-stops-third-party-issues):not(.tijsloc){margin-top:0px;margin-right:0px;margin-bottom:10px;margin-left:0px;}.wp-block-kadence-iconlist.kt-svg-icon-list-items_e6322d-35 ul.kt-svg-icon-list{grid-row-gap:5px;}.wp-block-kadence-iconlist.kt-svg-icon-list-items_e6322d-35 ul.kt-svg-icon-list .kt-svg-icon-list-item-wrap .kt-svg-icon-list-single{margin-right:10px;}.kt-svg-icon-list-items_e6322d-35 ul.kt-svg-icon-list .kt-svg-icon-list-level-0 .kt-svg-icon-list-single svg{font-size:20px;}.kt-svg-icon-list-items_e6322d-35 ul.kt-svg-icon-list .kt-svg-icon-list-level-1 .kt-svg-icon-list-single svg{font-size:20px;}.kt-svg-icon-list-items_e6322d-35 ul.kt-svg-icon-list .kt-svg-icon-list-level-2 .kt-svg-icon-list-single svg{font-size:20px;}.kt-svg-icon-list-items_e6322d-35 ul.kt-svg-icon-list .kt-svg-icon-list-level-3 .kt-svg-icon-list-single svg{font-size:20px;}.kt-svg-icon-list-items_e6322d-35 ul.kt-svg-icon-list .kt-svg-icon-list-level-4 .kt-svg-icon-list-single svg{font-size:20px;}.kt-svg-icon-list-items_e6322d-35 ul.kt-svg-icon-list .kt-svg-icon-list-level-5 .kt-svg-icon-list-single svg{font-size:20px;}<\/style>\n<div class=\"wp-block-kadence-iconlist kt-svg-icon-list-items kt-svg-icon-list-items_e6322d-35 kt-svg-icon-list-columns-1 alignnone\"><ul class=\"kt-svg-icon-list\"><li class=\"kt-svg-icon-list-style-default kt-svg-icon-list-item-wrap kt-svg-icon-list-item-0\"><div style=\"display:inline-flex;justify-content:center;align-items:center\" class=\"kt-svg-icon-list-single kt-svg-icon-list-single-fe_checkCircle\"><svg style=\"display:inline-block;vertical-align:middle\" viewbox=\"0 0 24 24\" height=\"20\" width=\"20\" fill=\"none\" stroke=\"currentColor\" xmlns=\"http:\/\/www.w3.org\/2000\/svg\" stroke-width=\"2\" stroke-linecap=\"round\" stroke-linejoin=\"round\" aria-hidden=\"true\"><path d=\"M22 11.08V12a10 10 0 1 1-5.93-9.14\"><\/path><polyline points=\"22 4 12 14.01 9 11.01\"><\/polyline><\/svg><\/div><span class=\"kt-svg-icon-list-text\">Como criar moodboard. Com ele voc\u00ea desenvolve o seu olhar para a decora\u00e7\u00e3o aprendendo a compor o mobili\u00e1rio com cores, texturas e padronagens.<\/span><\/li><li class=\"kt-svg-icon-list-style-default kt-svg-icon-list-item-wrap kt-svg-icon-list-item-1\"><div style=\"display:inline-flex;justify-content:center;align-items:center\" class=\"kt-svg-icon-list-single kt-svg-icon-list-single-fe_checkCircle\"><svg style=\"display:inline-block;vertical-align:middle\" viewbox=\"0 0 24 24\" height=\"20\" width=\"20\" fill=\"none\" stroke=\"currentColor\" xmlns=\"http:\/\/www.w3.org\/2000\/svg\" stroke-width=\"2\" stroke-linecap=\"round\" stroke-linejoin=\"round\" aria-hidden=\"true\"><path d=\"M22 11.08V12a10 10 0 1 1-5.93-9.14\"><\/path><polyline points=\"22 4 12 14.01 9 11.01\"><\/polyline><\/svg><\/div><span class=\"kt-svg-icon-list-text\">Os 7 principios da decora\u00e7ao, onde voc\u00ea cria uma apar\u00eancia geral que reflete harmonia.<\/span><\/li><li class=\"kt-svg-icon-list-style-default kt-svg-icon-list-item-wrap kt-svg-icon-list-item-2\"><div style=\"display:inline-flex;justify-content:center;align-items:center\" class=\"kt-svg-icon-list-single kt-svg-icon-list-single-fe_checkCircle\"><svg style=\"display:inline-block;vertical-align:middle\" viewbox=\"0 0 24 24\" height=\"20\" width=\"20\" fill=\"none\" stroke=\"currentColor\" xmlns=\"http:\/\/www.w3.org\/2000\/svg\" stroke-width=\"2\" stroke-linecap=\"round\" stroke-linejoin=\"round\" aria-hidden=\"true\"><path d=\"M22 11.08V12a10 10 0 1 1-5.93-9.14\"><\/path><polyline points=\"22 4 12 14.01 9 11.01\"><\/polyline><\/svg><\/div><span class=\"kt-svg-icon-list-text\">Como criar a paleta de cores para toda a casa, para n\u00e3o errar na mistura, nem enjoar delas.<\/span><\/li><li class=\"kt-svg-icon-list-style-default kt-svg-icon-list-item-wrap kt-svg-icon-list-item-3\"><div style=\"display:inline-flex;justify-content:center;align-items:center\" class=\"kt-svg-icon-list-single kt-svg-icon-list-single-fe_checkCircle\"><svg style=\"display:inline-block;vertical-align:middle\" viewbox=\"0 0 24 24\" height=\"20\" width=\"20\" fill=\"none\" stroke=\"currentColor\" xmlns=\"http:\/\/www.w3.org\/2000\/svg\" stroke-width=\"2\" stroke-linecap=\"round\" stroke-linejoin=\"round\" aria-hidden=\"true\"><path d=\"M22 11.08V12a10 10 0 1 1-5.93-9.14\"><\/path><polyline points=\"22 4 12 14.01 9 11.01\"><\/polyline><\/svg><\/div><span class=\"kt-svg-icon-list-text\">10 orienta\u00e7\u00f5es para organizar os m\u00f3veis na sala e aproveitar melhor os espa\u00e7os.<\/span><\/li><li class=\"kt-svg-icon-list-style-default kt-svg-icon-list-item-wrap kt-svg-icon-list-item-4\"><div style=\"display:inline-flex;justify-content:center;align-items:center\" class=\"kt-svg-icon-list-single kt-svg-icon-list-single-fe_checkCircle\"><svg style=\"display:inline-block;vertical-align:middle\" viewbox=\"0 0 24 24\" height=\"20\" width=\"20\" fill=\"none\" stroke=\"currentColor\" xmlns=\"http:\/\/www.w3.org\/2000\/svg\" stroke-width=\"2\" stroke-linecap=\"round\" stroke-linejoin=\"round\" aria-hidden=\"true\"><path d=\"M22 11.08V12a10 10 0 1 1-5.93-9.14\"><\/path><polyline points=\"22 4 12 14.01 9 11.01\"><\/polyline><\/svg><\/div><span class=\"kt-svg-icon-list-text\">Guia de medidas de ergonomia e circula\u00e7\u00e3o, porque voc\u00ea precisa de conforto para caminhar, sentar, dormir e trabalhar.<\/span><\/li><li class=\"kt-svg-icon-list-style-default kt-svg-icon-list-item-wrap kt-svg-icon-list-item-5\"><div style=\"display:inline-flex;justify-content:center;align-items:center\" class=\"kt-svg-icon-list-single kt-svg-icon-list-single-fe_checkCircle\"><svg style=\"display:inline-block;vertical-align:middle\" viewbox=\"0 0 24 24\" height=\"20\" width=\"20\" fill=\"none\" stroke=\"currentColor\" xmlns=\"http:\/\/www.w3.org\/2000\/svg\" stroke-width=\"2\" stroke-linecap=\"round\" stroke-linejoin=\"round\" aria-hidden=\"true\"><path d=\"M22 11.08V12a10 10 0 1 1-5.93-9.14\"><\/path><polyline points=\"22 4 12 14.01 9 11.01\"><\/polyline><\/svg><\/div><span class=\"kt-svg-icon-list-text\">Como obter a ilumina\u00e7\u00e3o sob medida.<\/span><\/li><\/ul><\/div>\n\n\n<style>.wp-block-kadence-spacer.kt-block-spacer-_2e1f9c-78 .kt-block-spacer{height:24px;}.wp-block-kadence-spacer.kt-block-spacer-_2e1f9c-78 .kt-divider{border-top-width:1px;height:1px;border-top-color:#eee;width:80%;border-top-style:solid;}<\/style>\n<div class=\"wp-block-kadence-spacer aligncenter kt-block-spacer-_2e1f9c-78\"><div class=\"kt-block-spacer kt-block-spacer-halign-center\" style=\"height:24px\"><\/div><\/div>\n\n\n<p>Ent\u00e3o, estes guias est\u00e3o repletos de informa\u00e7\u00f5es, orienta\u00e7\u00f5es e truques que v\u00e3o te ajudar a criar os ambientes dos seus sonhos!<\/p>\n\n\n<div class=\"wp-block-buttons is-layout-flex wp-block-buttons-is-layout-flex\">\n<div class=\"wp-block-button\"><a class=\"wp-block-button__link\" href=\"https:\/\/ibdi-edu.com.br\/guia-completo-de-decoracao\/\" target=\"_blank\" rel=\"noreferrer noopener\">Guia de Decora\u00e7\u00e3o completo!<\/a><\/div>\n<\/div>\n","protected":false},"excerpt":{"rendered":"<p>Eu estava conversando com uma amiga que est\u00e1 &#8220;pensando&#8221; em ajeitar a sua sala cansada h\u00e1 muito tempo, mas continua adiando. Ent\u00e3o, a sala \u00e9 um espa\u00e7o que precisamos receber bem, tanto os moradores da casa como os visitantes. Dessa forma, para elaborar uma boa decora\u00e7\u00e3o de interiores para este espa\u00e7o, \u00e9 preciso harmonizar fluxos, [&hellip;]<\/p>\n","protected":false},"author":1,"featured_media":0,"comment_status":"open","ping_status":"closed","sticky":false,"template":"","format":"standard","meta":{"footnotes":""},"categories":[28,20],"tags":[],"class_list":["post-54","post","type-post","status-publish","format-standard","hentry","category-decoracao-sem-categoria","category-decoracao"],"featured_image_urls_v2":{"full":"","thumbnail":"","medium":"","medium_large":"","large":"","1536x1536":"","2048x2048":"","woocommerce_thumbnail":"","woocommerce_single":"","woocommerce_gallery_thumbnail":""},"post_excerpt_stackable_v2":"<p>Eu estava conversando com uma amiga que est\u00e1 &#8220;pensando&#8221; em ajeitar a sua sala cansada h\u00e1 muito tempo, mas continua adiando. Ent\u00e3o, a sala \u00e9 um espa\u00e7o que precisamos receber bem, tanto os moradores da casa como os visitantes. Dessa forma, para elaborar uma boa decora\u00e7\u00e3o de interiores para este espa\u00e7o, \u00e9 preciso harmonizar fluxos, zoneamento, \u00e1rea livre para circula\u00e7\u00e3o, m\u00f3veis bem dimensionados e distribu\u00eddos. De qualquer forma, essa conversa terminou com ela dizendo: &#8220;Ok, estou pronta para reformar n\u00e3o s\u00f3 minha sala, mas tamb\u00e9m meu quarto e cozinha!&#8221; Se voc\u00ea est\u00e1 em uma situa\u00e7\u00e3o semelhante, mas precisa ou quer&hellip;<\/p>\n","category_list_v2":"<a href=\"https:\/\/designpordentro.com.br\/loja\/category\/decoracao\/decoracao-sem-categoria\/\" rel=\"category tag\">Decora\u00e7\u00e3o<\/a>, <a href=\"https:\/\/designpordentro.com.br\/loja\/category\/decoracao\/\" rel=\"category tag\">Postagens<\/a>","author_info_v2":{"name":"Dayane Comellini","url":"https:\/\/designpordentro.com.br\/loja\/author\/admin_designpordentro\/"},"comments_num_v2":"0 coment\u00e1rio","yoast_head":"<!-- This site is optimized with the Yoast SEO plugin v27.4 - https:\/\/yoast.com\/product\/yoast-seo-wordpress\/ -->\n<title>ajeitar a sua sala cansada-De qualquer forma, essa conversa terminou co<\/title>\n<meta name=\"description\" content=\"ajeitar a sua sala cansada De qualquer forma, essa conversa terminou com ela dizendo: &quot;Ok, estou pronta para reformar n\u00e3o s\u00f3 minha sala, ma\" \/>\n<meta name=\"robots\" content=\"index, follow, max-snippet:-1, max-image-preview:large, max-video-preview:-1\" \/>\n<link rel=\"canonical\" href=\"https:\/\/designpordentro.com.br\/loja\/2021\/06\/17\/ajeitar-a-sua-sala-cansada\/\" \/>\n<meta property=\"og:locale\" content=\"pt_BR\" \/>\n<meta property=\"og:type\" content=\"article\" \/>\n<meta property=\"og:title\" content=\"ajeitar a sua sala cansada-De qualquer forma, essa conversa terminou co\" \/>\n<meta property=\"og:description\" content=\"ajeitar a sua sala cansada De qualquer forma, essa conversa terminou com ela dizendo: &quot;Ok, estou pronta para reformar n\u00e3o s\u00f3 minha sala, ma\" \/>\n<meta property=\"og:url\" content=\"https:\/\/designpordentro.com.br\/loja\/2021\/06\/17\/ajeitar-a-sua-sala-cansada\/\" \/>\n<meta property=\"og:site_name\" content=\"Design por Dentro\" \/>\n<meta property=\"article:published_time\" content=\"2021-06-17T03:55:31+00:00\" \/>\n<meta property=\"article:modified_time\" content=\"2021-11-26T06:22:42+00:00\" \/>\n<meta property=\"og:image\" content=\"https:\/\/designpordentro.com.br\/ava\/wp-content\/uploads\/2021\/06\/Picture4-min.jpg\" \/>\n<meta name=\"author\" content=\"Dayane Comellini\" \/>\n<meta name=\"twitter:card\" content=\"summary_large_image\" \/>\n<meta name=\"twitter:label1\" content=\"Escrito por\" \/>\n\t<meta name=\"twitter:data1\" content=\"Dayane Comellini\" \/>\n\t<meta name=\"twitter:label2\" content=\"Est. tempo de leitura\" \/>\n\t<meta name=\"twitter:data2\" content=\"2 minutos\" \/>\n<script type=\"application\/ld+json\" class=\"yoast-schema-graph\">{\"@context\":\"https:\\\/\\\/schema.org\",\"@graph\":[{\"@type\":\"Article\",\"@id\":\"https:\\\/\\\/designpordentro.com.br\\\/loja\\\/2021\\\/06\\\/17\\\/ajeitar-a-sua-sala-cansada\\\/#article\",\"isPartOf\":{\"@id\":\"https:\\\/\\\/designpordentro.com.br\\\/loja\\\/2021\\\/06\\\/17\\\/ajeitar-a-sua-sala-cansada\\\/\"},\"author\":{\"name\":\"Dayane Comellini\",\"@id\":\"https:\\\/\\\/designpordentro.com.br\\\/loja\\\/#\\\/schema\\\/person\\\/89630ad6be0d8e2496c88c318b8dd014\"},\"headline\":\"Eu estava conversando com uma amiga e isso me fez pensar &#8230;\",\"datePublished\":\"2021-06-17T03:55:31+00:00\",\"dateModified\":\"2021-11-26T06:22:42+00:00\",\"mainEntityOfPage\":{\"@id\":\"https:\\\/\\\/designpordentro.com.br\\\/loja\\\/2021\\\/06\\\/17\\\/ajeitar-a-sua-sala-cansada\\\/\"},\"wordCount\":268,\"commentCount\":0,\"publisher\":{\"@id\":\"https:\\\/\\\/designpordentro.com.br\\\/loja\\\/#organization\"},\"image\":{\"@id\":\"https:\\\/\\\/designpordentro.com.br\\\/loja\\\/2021\\\/06\\\/17\\\/ajeitar-a-sua-sala-cansada\\\/#primaryimage\"},\"thumbnailUrl\":\"https:\\\/\\\/designpordentro.com.br\\\/ava\\\/wp-content\\\/uploads\\\/2021\\\/06\\\/Picture4-min.jpg\",\"articleSection\":[\"Decora\u00e7\u00e3o\",\"Postagens\"],\"inLanguage\":\"pt-BR\",\"potentialAction\":[{\"@type\":\"CommentAction\",\"name\":\"Comment\",\"target\":[\"https:\\\/\\\/designpordentro.com.br\\\/loja\\\/2021\\\/06\\\/17\\\/ajeitar-a-sua-sala-cansada\\\/#respond\"]}]},{\"@type\":\"WebPage\",\"@id\":\"https:\\\/\\\/designpordentro.com.br\\\/loja\\\/2021\\\/06\\\/17\\\/ajeitar-a-sua-sala-cansada\\\/\",\"url\":\"https:\\\/\\\/designpordentro.com.br\\\/loja\\\/2021\\\/06\\\/17\\\/ajeitar-a-sua-sala-cansada\\\/\",\"name\":\"ajeitar a sua sala cansada-De qualquer forma, essa conversa terminou co\",\"isPartOf\":{\"@id\":\"https:\\\/\\\/designpordentro.com.br\\\/loja\\\/#website\"},\"primaryImageOfPage\":{\"@id\":\"https:\\\/\\\/designpordentro.com.br\\\/loja\\\/2021\\\/06\\\/17\\\/ajeitar-a-sua-sala-cansada\\\/#primaryimage\"},\"image\":{\"@id\":\"https:\\\/\\\/designpordentro.com.br\\\/loja\\\/2021\\\/06\\\/17\\\/ajeitar-a-sua-sala-cansada\\\/#primaryimage\"},\"thumbnailUrl\":\"https:\\\/\\\/designpordentro.com.br\\\/ava\\\/wp-content\\\/uploads\\\/2021\\\/06\\\/Picture4-min.jpg\",\"datePublished\":\"2021-06-17T03:55:31+00:00\",\"dateModified\":\"2021-11-26T06:22:42+00:00\",\"description\":\"ajeitar a sua sala cansada De qualquer forma, essa conversa terminou com ela dizendo: \\\"Ok, estou pronta para reformar n\u00e3o s\u00f3 minha sala, ma\",\"breadcrumb\":{\"@id\":\"https:\\\/\\\/designpordentro.com.br\\\/loja\\\/2021\\\/06\\\/17\\\/ajeitar-a-sua-sala-cansada\\\/#breadcrumb\"},\"inLanguage\":\"pt-BR\",\"potentialAction\":[{\"@type\":\"ReadAction\",\"target\":[\"https:\\\/\\\/designpordentro.com.br\\\/loja\\\/2021\\\/06\\\/17\\\/ajeitar-a-sua-sala-cansada\\\/\"]}]},{\"@type\":\"ImageObject\",\"inLanguage\":\"pt-BR\",\"@id\":\"https:\\\/\\\/designpordentro.com.br\\\/loja\\\/2021\\\/06\\\/17\\\/ajeitar-a-sua-sala-cansada\\\/#primaryimage\",\"url\":\"https:\\\/\\\/designpordentro.com.br\\\/ava\\\/wp-content\\\/uploads\\\/2021\\\/06\\\/Picture4-min.jpg\",\"contentUrl\":\"https:\\\/\\\/designpordentro.com.br\\\/ava\\\/wp-content\\\/uploads\\\/2021\\\/06\\\/Picture4-min.jpg\"},{\"@type\":\"BreadcrumbList\",\"@id\":\"https:\\\/\\\/designpordentro.com.br\\\/loja\\\/2021\\\/06\\\/17\\\/ajeitar-a-sua-sala-cansada\\\/#breadcrumb\",\"itemListElement\":[{\"@type\":\"ListItem\",\"position\":1,\"name\":\"In\u00edcio\",\"item\":\"https:\\\/\\\/designpordentro.com.br\\\/loja\\\/\"},{\"@type\":\"ListItem\",\"position\":2,\"name\":\"Eu estava conversando com uma amiga e isso me fez pensar &#8230;\"}]},{\"@type\":\"WebSite\",\"@id\":\"https:\\\/\\\/designpordentro.com.br\\\/loja\\\/#website\",\"url\":\"https:\\\/\\\/designpordentro.com.br\\\/loja\\\/\",\"name\":\"Design por Dentro\",\"description\":\"Levar conhecimento na \u00e1rea de decora\u00e7\u00e3o para voc\u00ea fazer melhores escolhas. Cursos e treinamento para os profissionais online  - Design Por Dentro Online\",\"publisher\":{\"@id\":\"https:\\\/\\\/designpordentro.com.br\\\/loja\\\/#organization\"},\"potentialAction\":[{\"@type\":\"SearchAction\",\"target\":{\"@type\":\"EntryPoint\",\"urlTemplate\":\"https:\\\/\\\/designpordentro.com.br\\\/loja\\\/?s={search_term_string}\"},\"query-input\":{\"@type\":\"PropertyValueSpecification\",\"valueRequired\":true,\"valueName\":\"search_term_string\"}}],\"inLanguage\":\"pt-BR\"},{\"@type\":\"Organization\",\"@id\":\"https:\\\/\\\/designpordentro.com.br\\\/loja\\\/#organization\",\"name\":\"Design por Dentro\",\"url\":\"https:\\\/\\\/designpordentro.com.br\\\/loja\\\/\",\"logo\":{\"@type\":\"ImageObject\",\"inLanguage\":\"pt-BR\",\"@id\":\"https:\\\/\\\/designpordentro.com.br\\\/loja\\\/#\\\/schema\\\/logo\\\/image\\\/\",\"url\":\"https:\\\/\\\/designpordentro.com.br\\\/loja\\\/wp-content\\\/uploads\\\/2021\\\/11\\\/cropped-Logo-DPD.png\",\"contentUrl\":\"https:\\\/\\\/designpordentro.com.br\\\/loja\\\/wp-content\\\/uploads\\\/2021\\\/11\\\/cropped-Logo-DPD.png\",\"width\":512,\"height\":512,\"caption\":\"Design por Dentro\"},\"image\":{\"@id\":\"https:\\\/\\\/designpordentro.com.br\\\/loja\\\/#\\\/schema\\\/logo\\\/image\\\/\"}},{\"@type\":\"Person\",\"@id\":\"https:\\\/\\\/designpordentro.com.br\\\/loja\\\/#\\\/schema\\\/person\\\/89630ad6be0d8e2496c88c318b8dd014\",\"name\":\"Dayane Comellini\",\"image\":{\"@type\":\"ImageObject\",\"inLanguage\":\"pt-BR\",\"@id\":\"https:\\\/\\\/secure.gravatar.com\\\/avatar\\\/4dc387f80635354fb1b99a03c12338f5b47ea060bb64226560be142adb01719a?s=96&d=mm&r=g\",\"url\":\"https:\\\/\\\/secure.gravatar.com\\\/avatar\\\/4dc387f80635354fb1b99a03c12338f5b47ea060bb64226560be142adb01719a?s=96&d=mm&r=g\",\"contentUrl\":\"https:\\\/\\\/secure.gravatar.com\\\/avatar\\\/4dc387f80635354fb1b99a03c12338f5b47ea060bb64226560be142adb01719a?s=96&d=mm&r=g\",\"caption\":\"Dayane Comellini\"},\"sameAs\":[\"http:\\\/\\\/designpordentro.com.br\\\/loja\"],\"url\":\"https:\\\/\\\/designpordentro.com.br\\\/loja\\\/author\\\/admin_designpordentro\\\/\"}]}<\/script>\n<!-- \/ Yoast SEO plugin. -->","yoast_head_json":{"title":"ajeitar a sua sala cansada-De qualquer forma, essa conversa terminou co","description":"ajeitar a sua sala cansada De qualquer forma, essa conversa terminou com ela dizendo: \"Ok, estou pronta para reformar n\u00e3o s\u00f3 minha sala, ma","robots":{"index":"index","follow":"follow","max-snippet":"max-snippet:-1","max-image-preview":"max-image-preview:large","max-video-preview":"max-video-preview:-1"},"canonical":"https:\/\/designpordentro.com.br\/loja\/2021\/06\/17\/ajeitar-a-sua-sala-cansada\/","og_locale":"pt_BR","og_type":"article","og_title":"ajeitar a sua sala cansada-De qualquer forma, essa conversa terminou co","og_description":"ajeitar a sua sala cansada De qualquer forma, essa conversa terminou com ela dizendo: \"Ok, estou pronta para reformar n\u00e3o s\u00f3 minha sala, ma","og_url":"https:\/\/designpordentro.com.br\/loja\/2021\/06\/17\/ajeitar-a-sua-sala-cansada\/","og_site_name":"Design por Dentro","article_published_time":"2021-06-17T03:55:31+00:00","article_modified_time":"2021-11-26T06:22:42+00:00","og_image":[{"url":"https:\/\/designpordentro.com.br\/ava\/wp-content\/uploads\/2021\/06\/Picture4-min.jpg","type":"","width":"","height":""}],"author":"Dayane Comellini","twitter_card":"summary_large_image","twitter_misc":{"Escrito por":"Dayane Comellini","Est. tempo de leitura":"2 minutos"},"schema":{"@context":"https:\/\/schema.org","@graph":[{"@type":"Article","@id":"https:\/\/designpordentro.com.br\/loja\/2021\/06\/17\/ajeitar-a-sua-sala-cansada\/#article","isPartOf":{"@id":"https:\/\/designpordentro.com.br\/loja\/2021\/06\/17\/ajeitar-a-sua-sala-cansada\/"},"author":{"name":"Dayane Comellini","@id":"https:\/\/designpordentro.com.br\/loja\/#\/schema\/person\/89630ad6be0d8e2496c88c318b8dd014"},"headline":"Eu estava conversando com uma amiga e isso me fez pensar &#8230;","datePublished":"2021-06-17T03:55:31+00:00","dateModified":"2021-11-26T06:22:42+00:00","mainEntityOfPage":{"@id":"https:\/\/designpordentro.com.br\/loja\/2021\/06\/17\/ajeitar-a-sua-sala-cansada\/"},"wordCount":268,"commentCount":0,"publisher":{"@id":"https:\/\/designpordentro.com.br\/loja\/#organization"},"image":{"@id":"https:\/\/designpordentro.com.br\/loja\/2021\/06\/17\/ajeitar-a-sua-sala-cansada\/#primaryimage"},"thumbnailUrl":"https:\/\/designpordentro.com.br\/ava\/wp-content\/uploads\/2021\/06\/Picture4-min.jpg","articleSection":["Decora\u00e7\u00e3o","Postagens"],"inLanguage":"pt-BR","potentialAction":[{"@type":"CommentAction","name":"Comment","target":["https:\/\/designpordentro.com.br\/loja\/2021\/06\/17\/ajeitar-a-sua-sala-cansada\/#respond"]}]},{"@type":"WebPage","@id":"https:\/\/designpordentro.com.br\/loja\/2021\/06\/17\/ajeitar-a-sua-sala-cansada\/","url":"https:\/\/designpordentro.com.br\/loja\/2021\/06\/17\/ajeitar-a-sua-sala-cansada\/","name":"ajeitar a sua sala cansada-De qualquer forma, essa conversa terminou co","isPartOf":{"@id":"https:\/\/designpordentro.com.br\/loja\/#website"},"primaryImageOfPage":{"@id":"https:\/\/designpordentro.com.br\/loja\/2021\/06\/17\/ajeitar-a-sua-sala-cansada\/#primaryimage"},"image":{"@id":"https:\/\/designpordentro.com.br\/loja\/2021\/06\/17\/ajeitar-a-sua-sala-cansada\/#primaryimage"},"thumbnailUrl":"https:\/\/designpordentro.com.br\/ava\/wp-content\/uploads\/2021\/06\/Picture4-min.jpg","datePublished":"2021-06-17T03:55:31+00:00","dateModified":"2021-11-26T06:22:42+00:00","description":"ajeitar a sua sala cansada De qualquer forma, essa conversa terminou com ela dizendo: \"Ok, estou pronta para reformar n\u00e3o s\u00f3 minha sala, ma","breadcrumb":{"@id":"https:\/\/designpordentro.com.br\/loja\/2021\/06\/17\/ajeitar-a-sua-sala-cansada\/#breadcrumb"},"inLanguage":"pt-BR","potentialAction":[{"@type":"ReadAction","target":["https:\/\/designpordentro.com.br\/loja\/2021\/06\/17\/ajeitar-a-sua-sala-cansada\/"]}]},{"@type":"ImageObject","inLanguage":"pt-BR","@id":"https:\/\/designpordentro.com.br\/loja\/2021\/06\/17\/ajeitar-a-sua-sala-cansada\/#primaryimage","url":"https:\/\/designpordentro.com.br\/ava\/wp-content\/uploads\/2021\/06\/Picture4-min.jpg","contentUrl":"https:\/\/designpordentro.com.br\/ava\/wp-content\/uploads\/2021\/06\/Picture4-min.jpg"},{"@type":"BreadcrumbList","@id":"https:\/\/designpordentro.com.br\/loja\/2021\/06\/17\/ajeitar-a-sua-sala-cansada\/#breadcrumb","itemListElement":[{"@type":"ListItem","position":1,"name":"In\u00edcio","item":"https:\/\/designpordentro.com.br\/loja\/"},{"@type":"ListItem","position":2,"name":"Eu estava conversando com uma amiga e isso me fez pensar &#8230;"}]},{"@type":"WebSite","@id":"https:\/\/designpordentro.com.br\/loja\/#website","url":"https:\/\/designpordentro.com.br\/loja\/","name":"Design por Dentro","description":"Levar conhecimento na \u00e1rea de decora\u00e7\u00e3o para voc\u00ea fazer melhores escolhas. Cursos e treinamento para os profissionais online  - Design Por Dentro Online","publisher":{"@id":"https:\/\/designpordentro.com.br\/loja\/#organization"},"potentialAction":[{"@type":"SearchAction","target":{"@type":"EntryPoint","urlTemplate":"https:\/\/designpordentro.com.br\/loja\/?s={search_term_string}"},"query-input":{"@type":"PropertyValueSpecification","valueRequired":true,"valueName":"search_term_string"}}],"inLanguage":"pt-BR"},{"@type":"Organization","@id":"https:\/\/designpordentro.com.br\/loja\/#organization","name":"Design por Dentro","url":"https:\/\/designpordentro.com.br\/loja\/","logo":{"@type":"ImageObject","inLanguage":"pt-BR","@id":"https:\/\/designpordentro.com.br\/loja\/#\/schema\/logo\/image\/","url":"https:\/\/designpordentro.com.br\/loja\/wp-content\/uploads\/2021\/11\/cropped-Logo-DPD.png","contentUrl":"https:\/\/designpordentro.com.br\/loja\/wp-content\/uploads\/2021\/11\/cropped-Logo-DPD.png","width":512,"height":512,"caption":"Design por Dentro"},"image":{"@id":"https:\/\/designpordentro.com.br\/loja\/#\/schema\/logo\/image\/"}},{"@type":"Person","@id":"https:\/\/designpordentro.com.br\/loja\/#\/schema\/person\/89630ad6be0d8e2496c88c318b8dd014","name":"Dayane Comellini","image":{"@type":"ImageObject","inLanguage":"pt-BR","@id":"https:\/\/secure.gravatar.com\/avatar\/4dc387f80635354fb1b99a03c12338f5b47ea060bb64226560be142adb01719a?s=96&d=mm&r=g","url":"https:\/\/secure.gravatar.com\/avatar\/4dc387f80635354fb1b99a03c12338f5b47ea060bb64226560be142adb01719a?s=96&d=mm&r=g","contentUrl":"https:\/\/secure.gravatar.com\/avatar\/4dc387f80635354fb1b99a03c12338f5b47ea060bb64226560be142adb01719a?s=96&d=mm&r=g","caption":"Dayane Comellini"},"sameAs":["http:\/\/designpordentro.com.br\/loja"],"url":"https:\/\/designpordentro.com.br\/loja\/author\/admin_designpordentro\/"}]}},"_links":{"self":[{"href":"https:\/\/designpordentro.com.br\/loja\/wp-json\/wp\/v2\/posts\/54","targetHints":{"allow":["GET"]}}],"collection":[{"href":"https:\/\/designpordentro.com.br\/loja\/wp-json\/wp\/v2\/posts"}],"about":[{"href":"https:\/\/designpordentro.com.br\/loja\/wp-json\/wp\/v2\/types\/post"}],"author":[{"embeddable":true,"href":"https:\/\/designpordentro.com.br\/loja\/wp-json\/wp\/v2\/users\/1"}],"replies":[{"embeddable":true,"href":"https:\/\/designpordentro.com.br\/loja\/wp-json\/wp\/v2\/comments?post=54"}],"version-history":[{"count":0,"href":"https:\/\/designpordentro.com.br\/loja\/wp-json\/wp\/v2\/posts\/54\/revisions"}],"wp:attachment":[{"href":"https:\/\/designpordentro.com.br\/loja\/wp-json\/wp\/v2\/media?parent=54"}],"wp:term":[{"taxonomy":"category","embeddable":true,"href":"https:\/\/designpordentro.com.br\/loja\/wp-json\/wp\/v2\/categories?post=54"},{"taxonomy":"post_tag","embeddable":true,"href":"https:\/\/designpordentro.com.br\/loja\/wp-json\/wp\/v2\/tags?post=54"}],"curies":[{"name":"wp","href":"https:\/\/api.w.org\/{rel}","templated":true}]}}